{"id":3264,"date":"2026-03-11T14:26:26","date_gmt":"2026-03-11T14:26:26","guid":{"rendered":"https:\/\/www.ugama.es\/?p=3264"},"modified":"2026-03-11T14:41:22","modified_gmt":"2026-03-11T14:41:22","slug":"ugama-convoca-a-los-agricultores-y-ganaderos-de-la-comunidad-de-madrid-a-sumarse-a-la-movilizacion-contra-la-subida-del-gasoleo-en-loeches","status":"publish","type":"post","link":"https:\/\/www.ugama.es\/en\/ugama-convoca-a-los-agricultores-y-ganaderos-de-la-comunidad-de-madrid-a-sumarse-a-la-movilizacion-contra-la-subida-del-gasoleo-en-loeches","title":{"rendered":"UGAMA convoca a los agricultores y ganaderos de la Comunidad de Madrid a sumarse a la movilizaci\u00f3n contra la subida del gas\u00f3leo en Loeches"},"content":{"rendered":"<div data-elementor-type=\"wp-post\" data-elementor-id=\"3264\" class=\"elementor elementor-3264\">\n\t\t\t\t\t\t\t\t\t<section class=\"elementor-section elementor-top-section elementor-element elementor-element-75e9561 elementor-section-boxed elementor-section-height-default elementor-section-height-default\" data-id=\"75e9561\" data-element_type=\"section\">\n\t\t\t\t\t\t<div class=\"elementor-container elementor-column-gap-default\">\n\t\t\t\t\t<div class=\"elementor-column elementor-col-100 elementor-top-column elementor-element elementor-element-003eafc\" data-id=\"003eafc\" data-element_type=\"column\">\n\t\t\t<div class=\"elementor-widget-wrap elementor-element-populated\">\n\t\t\t\t\t\t\t\t<div class=\"elementor-element elementor-element-ea9eb16 elementor-widget elementor-widget-page-title\" data-id=\"ea9eb16\" data-element_type=\"widget\" data-widget_type=\"page-title.default\">\n\t\t\t\t<div class=\"elementor-widget-container\">\n\t\t\t\t\t\n\t\t<div class=\"hfe-page-title hfe-page-title-wrapper elementor-widget-heading\">\n\n\t\t\t\t\t\t\t\t\t\t\t<a href=\"https:\/\/www.ugama.es\/en\">\n\t\t\t\t\t\t<h2 class=\"elementor-heading-title elementor-size-default\">\n\t\t\t\t\t\t\t\t\n\t\t\t\tUGAMA convoca a los agricultores y ganaderos de la Comunidad de Madrid a sumarse a la movilizaci\u00f3n contra la subida del gas\u00f3leo en Loeches  \n\t\t\t<\/h2> \n\t\t\t\t\t\t\t\t\t<\/a>\n\t\t\t\t\t<\/div>\n\t\t\t\t<\/div>\n\t\t\t\t<\/div>\n\t\t\t\t<div class=\"elementor-element elementor-element-6c80b1e elementor-widget elementor-widget-text-editor\" data-id=\"6c80b1e\" data-element_type=\"widget\" data-widget_type=\"text-editor.default\">\n\t\t\t\t<div class=\"elementor-widget-container\">\n\t\t\t<style>\/*! elementor - v3.12.1 - 02-04-2023 *\/\n.elementor-widget-text-editor.elementor-drop-cap-view-stacked .elementor-drop-cap{background-color:#69727d;color:#fff}.elementor-widget-text-editor.elementor-drop-cap-view-framed .elementor-drop-cap{color:#69727d;border:3px solid;background-color:transparent}.elementor-widget-text-editor:not(.elementor-drop-cap-view-default) .elementor-drop-cap{margin-top:8px}.elementor-widget-text-editor:not(.elementor-drop-cap-view-default) .elementor-drop-cap-letter{width:1em;height:1em}.elementor-widget-text-editor .elementor-drop-cap{float:left;text-align:center;line-height:1;font-size:50px}.elementor-widget-text-editor .elementor-drop-cap-letter{display:inline-block}<\/style>\t\t\t\t\t\t\t\t\t\t<\/div>\n\t\t\t\t<\/div>\n\t\t\t\t<div class=\"elementor-element elementor-element-e822fec elementor-widget elementor-widget-text-editor\" data-id=\"e822fec\" data-element_type=\"widget\" data-widget_type=\"text-editor.default\">\n\t\t\t\t<div class=\"elementor-widget-container\">\n\t\t\t\t\t\t\t<p><strong>11 de marzo de 2026<\/strong><\/p><p>El sector vuelve a salir a la calle para reclamar medidas urgentes que frenen esta situaci\u00f3n y para defender el futuro del medio rural.<\/p>\t\t\t\t\t\t<\/div>\n\t\t\t\t<\/div>\n\t\t\t\t<div class=\"elementor-element elementor-element-36a6e14 elementor-widget-divider--view-line elementor-widget elementor-widget-divider\" data-id=\"36a6e14\" data-element_type=\"widget\" data-widget_type=\"divider.default\">\n\t\t\t\t<div class=\"elementor-widget-container\">\n\t\t\t<style>\/*! elementor - v3.12.1 - 02-04-2023 *\/\n.elementor-widget-divider{--divider-border-style:none;--divider-border-width:1px;--divider-color:#0c0d0e;--divider-icon-size:20px;--divider-element-spacing:10px;--divider-pattern-height:24px;--divider-pattern-size:20px;--divider-pattern-url:none;--divider-pattern-repeat:repeat-x}.elementor-widget-divider .elementor-divider{display:flex}.elementor-widget-divider .elementor-divider__text{font-size:15px;line-height:1;max-width:95%}.elementor-widget-divider .elementor-divider__element{margin:0 var(--divider-element-spacing);flex-shrink:0}.elementor-widget-divider .elementor-icon{font-size:var(--divider-icon-size)}.elementor-widget-divider .elementor-divider-separator{display:flex;margin:0;direction:ltr}.elementor-widget-divider--view-line_icon .elementor-divider-separator,.elementor-widget-divider--view-line_text .elementor-divider-separator{align-items:center}.elementor-widget-divider--view-line_icon .elementor-divider-separator:after,.elementor-widget-divider--view-line_icon .elementor-divider-separator:before,.elementor-widget-divider--view-line_text .elementor-divider-separator:after,.elementor-widget-divider--view-line_text .elementor-divider-separator:before{display:block;content:\"\";border-bottom:0;flex-grow:1;border-top:var(--divider-border-width) var(--divider-border-style) var(--divider-color)}.elementor-widget-divider--element-align-left .elementor-divider .elementor-divider-separator>.elementor-divider__svg:first-of-type{flex-grow:0;flex-shrink:100}.elementor-widget-divider--element-align-left .elementor-divider-separator:before{content:none}.elementor-widget-divider--element-align-left .elementor-divider__element{margin-left:0}.elementor-widget-divider--element-align-right .elementor-divider .elementor-divider-separator>.elementor-divider__svg:last-of-type{flex-grow:0;flex-shrink:100}.elementor-widget-divider--element-align-right .elementor-divider-separator:after{content:none}.elementor-widget-divider--element-align-right .elementor-divider__element{margin-right:0}.elementor-widget-divider:not(.elementor-widget-divider--view-line_text):not(.elementor-widget-divider--view-line_icon) .elementor-divider-separator{border-top:var(--divider-border-width) var(--divider-border-style) var(--divider-color)}.elementor-widget-divider--separator-type-pattern{--divider-border-style:none}.elementor-widget-divider--separator-type-pattern.elementor-widget-divider--view-line .elementor-divider-separator,.elementor-widget-divider--separator-type-pattern:not(.elementor-widget-divider--view-line) .elementor-divider-separator:after,.elementor-widget-divider--separator-type-pattern:not(.elementor-widget-divider--view-line) .elementor-divider-separator:before,.elementor-widget-divider--separator-type-pattern:not([class*=elementor-widget-divider--view]) .elementor-divider-separator{width:100%;min-height:var(--divider-pattern-height);-webkit-mask-size:var(--divider-pattern-size) 100%;mask-size:var(--divider-pattern-size) 100%;-webkit-mask-repeat:var(--divider-pattern-repeat);mask-repeat:var(--divider-pattern-repeat);background-color:var(--divider-color);-webkit-mask-image:var(--divider-pattern-url);mask-image:var(--divider-pattern-url)}.elementor-widget-divider--no-spacing{--divider-pattern-size:auto}.elementor-widget-divider--bg-round{--divider-pattern-repeat:round}.rtl .elementor-widget-divider .elementor-divider__text{direction:rtl}.e-con-inner>.elementor-widget-divider,.e-con>.elementor-widget-divider{width:var(--container-widget-width,100%);--flex-grow:var(--container-widget-flex-grow)}<\/style>\t\t<div class=\"elementor-divider\">\n\t\t\t<span class=\"elementor-divider-separator\">\n\t\t\t\t\t\t<\/span>\n\t\t<\/div>\n\t\t\t\t<\/div>\n\t\t\t\t<\/div>\n\t\t\t\t<div class=\"elementor-element elementor-element-a8375e7 elementor-widget elementor-widget-image\" data-id=\"a8375e7\" data-element_type=\"widget\" data-widget_type=\"image.default\">\n\t\t\t\t<div class=\"elementor-widget-container\">\n\t\t\t<style>\/*! elementor - v3.12.1 - 02-04-2023 *\/\n.elementor-widget-image{text-align:center}.elementor-widget-image a{display:inline-block}.elementor-widget-image a img[src$=\".svg\"]{width:48px}.elementor-widget-image img{vertical-align:middle;display:inline-block}<\/style>\t\t\t\t\t\t\t\t\t\t\t\t<img loading=\"lazy\" decoding=\"async\" width=\"750\" height=\"500\" src=\"https:\/\/www.ugama.es\/wp-content\/uploads\/2026\/03\/Tractorada-768x512.jpeg\" class=\"attachment-medium_large size-medium_large wp-image-3265\" alt=\"\" srcset=\"https:\/\/www.ugama.es\/wp-content\/uploads\/2026\/03\/Tractorada-768x512.jpeg 768w, https:\/\/www.ugama.es\/wp-content\/uploads\/2026\/03\/Tractorada-300x200.jpeg 300w, https:\/\/www.ugama.es\/wp-content\/uploads\/2026\/03\/Tractorada-1024x683.jpeg 1024w, https:\/\/www.ugama.es\/wp-content\/uploads\/2026\/03\/Tractorada-18x12.jpeg 18w, https:\/\/www.ugama.es\/wp-content\/uploads\/2026\/03\/Tractorada-600x400.jpeg 600w, https:\/\/www.ugama.es\/wp-content\/uploads\/2026\/03\/Tractorada.jpeg 1536w\" sizes=\"auto, (max-width: 750px) 100vw, 750px\" \/>\t\t\t\t\t\t\t\t\t\t\t\t\t\t\t<\/div>\n\t\t\t\t<\/div>\n\t\t\t\t<div class=\"elementor-element elementor-element-f126347 elementor-widget__width-initial elementor-widget elementor-widget-text-editor\" data-id=\"f126347\" data-element_type=\"widget\" data-widget_type=\"text-editor.default\">\n\t\t\t\t<div class=\"elementor-widget-container\">\n\t\t\t\t\t\t\t<p>UGAMA,<strong> junto al resto de organizaciones agrarias de la Comunidad de Madrid, impulsa este jueves 12 de marzo una nueva movilizaci\u00f3n del sector agr\u00edcola y ganadero para protestar contra la fuerte subida del precio del gas\u00f3leo que est\u00e1 asfixiando a las explotaciones agrarias.<\/strong><br \/><strong>Una marcha de tractores partir\u00e1 desde la Cooperativa de Arganda del Rey a las 09:00 horas y se dirigir\u00e1 hasta las instalaciones de Exolum en la localidad de Loeches, donde est\u00e1 prevista su llegada en torno a las 11:30 horas. En ese punto se concentrar\u00e1n agricultores y ganaderos llegados desde distintos puntos de la Comunidad de Madrid.<\/strong><\/p><p><b><br \/><\/b><strong>UGAMA anima a todos sus socios a sumarse a esta acci\u00f3n de protesta y a acudir al punto de encuentro para respaldar al sector y visibilizar la grave situaci\u00f3n que atraviesa el campo.<\/strong><\/p><p><strong>\u00a0<\/strong><\/p><p><strong>El gas\u00f3leo es un insumo imprescindible para el trabajo diario en el campo: para labrar la tierra, sembrar, cosechar o transportar la producci\u00f3n. Sin embargo, su encarecimiento est\u00e1 golpeando con especial dureza a agricultores y ganaderos, que ya soportan unos m\u00e1rgenes cada vez m\u00e1s estrechos.<\/strong><\/p><p><strong>\u00a0<\/strong><\/p><p><strong>En la \u00faltima semana, a ra\u00edz del conflicto b\u00e9lico con Ir\u00e1n, tanto el precio del gas\u00f3leo B como el de los fertilizantes y abonos ha experimentado un fuerte incremento.<\/strong><\/p><p><b><br \/><\/b><strong>UGAMA denuncia que esta escalada de costes est\u00e1 poniendo contra las cuerdas a miles de explotaciones agrarias. El campo no puede seguir asumiendo aumentos continuos en los costes de producci\u00f3n mientras lucha por mantener su actividad y garantizar el abastecimiento alimentario.<\/strong><\/p><p><b><br \/><\/b><strong>UGAMA hace un llamamiento a todos los agricultores y ganaderos de la regi\u00f3n para que se sumen a esta movilizaci\u00f3n y participen activamente en la defensa de un sector imprescindible para la econom\u00eda, el territorio y el futuro del medio rural.<\/strong><\/p><p><b><br \/><\/b><strong>La concentraci\u00f3n tendr\u00e1 lugar en las instalaciones de Exolum en Loeches: <a href=\"https:\/\/maps.app.goo.gl\/mpDa1Lhmt93bU8NZ8\">pincha aqu\u00ed para ir al lugar.\u00a0\u00a0<\/a><\/strong><a href=\"https:\/\/maps.app.goo.gl\/mpDa1Lhmt93bU8NZ8\"><span style=\"color: #130c0c;\"><b>M-206, 28890 Loeches, Madrid<\/b><\/span><\/a><\/p><p class=\"MsoNormal\">\u00a0<\/p>\t\t\t\t\t\t<\/div>\n\t\t\t\t<\/div>\n\t\t\t\t\t<\/div>\n\t\t<\/div>\n\t\t\t\t\t\t\t<\/div>\n\t\t<\/section>\n\t\t\t\t<section class=\"elementor-section elementor-top-section elementor-element elementor-element-8675b94 elementor-section-boxed elementor-section-height-default elementor-section-height-default\" data-id=\"8675b94\" data-element_type=\"section\">\n\t\t\t\t\t\t<div class=\"elementor-container elementor-column-gap-default\">\n\t\t\t\t\t<div class=\"elementor-column elementor-col-100 elementor-top-column elementor-element elementor-element-a11bfe0\" data-id=\"a11bfe0\" data-element_type=\"column\">\n\t\t\t<div class=\"elementor-widget-wrap elementor-element-populated\">\n\t\t\t\t\t\t\t\t<div class=\"elementor-element elementor-element-66051e3 elementor-widget elementor-widget-wp-widget-recent-posts\" data-id=\"66051e3\" data-element_type=\"widget\" data-widget_type=\"wp-widget-recent-posts.default\">\n\t\t\t\t<div class=\"elementor-widget-container\">\n\t\t\t\n\t\t<aside class=\"widget\">\n\t\t<h3 class=\"widget-title\"><span>Noticias relacionadas<\/span><\/h3>\n\t\t<ul>\n\t\t\t\t\t\t\t\t\t\t\t<li>\n\t\t\t\t\t<a href=\"https:\/\/www.ugama.es\/en\/union-de-uniones-vuelve-a-pedir-al-mapa-que-suavice-la-exigencia-de-incluir-el-nif-de-los-arrendadores-en-las-solicitudes-de-la-pac\">Volvemos a pedir al MAPA que suavice la exigencia de incluir el NIF de los arrendadores en las solicitudes de la PAC<\/a>\n\t\t\t\t\t\t\t\t\t<\/li>\n\t\t\t\t\t\t\t\t\t\t\t<li>\n\t\t\t\t\t<a href=\"https:\/\/www.ugama.es\/en\/ugama-y-la-asociacion-de-ganaderos-de-colmenar-viejo-frenan-una-ordenanza-que-el-sector-consideraba-un-atropello-burocratico\">UGAMA y la Asociaci\u00f3n de Ganaderos de Colmenar Viejo frenan una ordenanza que el sector consideraba un atropello burocr\u00e1tico<\/a>\n\t\t\t\t\t\t\t\t\t<\/li>\n\t\t\t\t\t\t\t\t\t\t\t<li>\n\t\t\t\t\t<a href=\"https:\/\/www.ugama.es\/en\/el-olvido-de-la-apicultura-en-las-ayudas-al-gasoleo-indigna-al-sector\">El olvido de la apicultura en las ayudas al gas\u00f3leo indigna al sector<\/a>\n\t\t\t\t\t\t\t\t\t<\/li>\n\t\t\t\t\t\t\t\t\t\t\t<li>\n\t\t\t\t\t<a href=\"https:\/\/www.ugama.es\/en\/ugama-convoca-a-los-agricultores-y-ganaderos-de-la-comunidad-de-madrid-a-sumarse-a-la-movilizacion-contra-la-subida-del-gasoleo-en-loeches\">UGAMA convoca a los agricultores y ganaderos de la Comunidad de Madrid a sumarse a la movilizaci\u00f3n contra la subida del gas\u00f3leo en Loeches<\/a>\n\t\t\t\t\t\t\t\t\t<\/li>\n\t\t\t\t\t\t\t\t\t\t\t<li>\n\t\t\t\t\t<a href=\"https:\/\/www.ugama.es\/en\/ugama-pide-a-los-eurodiputados-apoyar-una-pac-fuerte-y-con-presupuesto-propio\">UGAMA pide a los eurodiputados apoyar una PAC fuerte y con presupuesto propio<\/a>\n\t\t\t\t\t\t\t\t\t<\/li>\n\t\t\t\t\t<\/ul>\n\n\t\t<\/aside>\t\t<\/div>\n\t\t\t\t<\/div>\n\t\t\t\t\t<\/div>\n\t\t<\/div>\n\t\t\t\t\t\t\t<\/div>\n\t\t<\/section>\n\t\t\t\t<section class=\"elementor-section elementor-top-section elementor-element elementor-element-cb9553a elementor-section-boxed elementor-section-height-default elementor-section-height-default\" data-id=\"cb9553a\" data-element_type=\"section\">\n\t\t\t\t\t\t<div class=\"elementor-container elementor-column-gap-default\">\n\t\t\t\t\t<div class=\"elementor-column elementor-col-100 elementor-top-column elementor-element elementor-element-370369a\" data-id=\"370369a\" data-element_type=\"column\">\n\t\t\t<div class=\"elementor-widget-wrap\">\n\t\t\t\t\t\t\t\t\t<\/div>\n\t\t<\/div>\n\t\t\t\t\t\t\t<\/div>\n\t\t<\/section>\n\t\t\t\t\t\t\t<\/div>","protected":false},"excerpt":{"rendered":"<p>UGAMA convoca a los agricultores y ganaderos de la Comunidad de Madrid a sumarse a la movilizaci\u00f3n contra la subida del gas\u00f3leo en Loeches 11 de marzo de 2026 El sector vuelve a salir a la calle para reclamar medidas<\/p>","protected":false},"author":1,"featured_media":3265,"comment_status":"open","ping_status":"open","sticky":false,"template":"elementor_header_footer","format":"standard","meta":{"footnotes":""},"categories":[1],"tags":[],"class_list":["post-3264","post","type-post","status-publish","format-standard","has-post-thumbnail","hentry","category-uncategorized"],"yoast_head":"<!-- This site is optimized with the Yoast SEO plugin v20.8 - https:\/\/yoast.com\/wordpress\/plugins\/seo\/ -->\n<title>UGAMA convoca a los agricultores y ganaderos de la Comunidad de Madrid a sumarse a la movilizaci\u00f3n contra la subida del gas\u00f3leo en Loeches - Uni\u00f3n de Ganaderos, Agricultores y Silvicultores de la Comunidad de Madrid<\/title>\n<meta name=\"description\" content=\"La Organizaci\u00f3n agraria madrile\u00f1a se confirma como la segunda OPA m\u00e1s representativa de la regi\u00f3n alcanzando un 30% de representaci\u00f3n.\" \/>\n<meta name=\"robots\" content=\"noindex, follow, max-snippet:-1, max-image-preview:large, max-video-preview:-1\" \/>\n<meta property=\"og:locale\" content=\"en_GB\" \/>\n<meta property=\"og:type\" content=\"article\" \/>\n<meta property=\"og:title\" content=\"UGAMA convoca a los agricultores y ganaderos de la Comunidad de Madrid a sumarse a la movilizaci\u00f3n contra la subida del gas\u00f3leo en Loeches - Uni\u00f3n de Ganaderos, Agricultores y Silvicultores de la Comunidad de Madrid\" \/>\n<meta property=\"og:description\" content=\"La Organizaci\u00f3n agraria madrile\u00f1a se confirma como la segunda OPA m\u00e1s representativa de la regi\u00f3n alcanzando un 30% de representaci\u00f3n.\" \/>\n<meta property=\"og:url\" content=\"https:\/\/www.ugama.es\/en\/ugama-convoca-a-los-agricultores-y-ganaderos-de-la-comunidad-de-madrid-a-sumarse-a-la-movilizacion-contra-la-subida-del-gasoleo-en-loeches\/\" \/>\n<meta property=\"og:site_name\" content=\"Uni\u00f3n de Ganaderos, Agricultores y Silvicultores de la Comunidad de Madrid\" \/>\n<meta property=\"article:publisher\" content=\"https:\/\/www.facebook.com\/ugama\/?locale=es_ES\" \/>\n<meta property=\"article:published_time\" content=\"2026-03-11T14:26:26+00:00\" \/>\n<meta property=\"article:modified_time\" content=\"2026-03-11T14:41:22+00:00\" \/>\n<meta property=\"og:image\" content=\"https:\/\/www.ugama.es\/wp-content\/uploads\/2026\/03\/Tractorada.jpeg\" \/>\n\t<meta property=\"og:image:width\" content=\"1536\" \/>\n\t<meta property=\"og:image:height\" content=\"1024\" \/>\n\t<meta property=\"og:image:type\" content=\"image\/jpeg\" \/>\n<meta name=\"author\" content=\"Ugamaweb\" \/>\n<meta name=\"twitter:card\" content=\"summary_large_image\" \/>\n<meta name=\"twitter:creator\" content=\"@UGAMA\" \/>\n<meta name=\"twitter:site\" content=\"@UGAMA\" \/>\n<meta name=\"twitter:label1\" content=\"Written by\" \/>\n\t<meta name=\"twitter:data1\" content=\"Ugamaweb\" \/>\n\t<meta name=\"twitter:label2\" content=\"Estimated reading time\" \/>\n\t<meta name=\"twitter:data2\" content=\"3 minutes\" \/>\n<script type=\"application\/ld+json\" class=\"yoast-schema-graph\">{\"@context\":\"https:\/\/schema.org\",\"@graph\":[{\"@type\":\"Article\",\"@id\":\"https:\/\/www.ugama.es\/ugama-convoca-a-los-agricultores-y-ganaderos-de-la-comunidad-de-madrid-a-sumarse-a-la-movilizacion-contra-la-subida-del-gasoleo-en-loeches#article\",\"isPartOf\":{\"@id\":\"https:\/\/www.ugama.es\/ugama-convoca-a-los-agricultores-y-ganaderos-de-la-comunidad-de-madrid-a-sumarse-a-la-movilizacion-contra-la-subida-del-gasoleo-en-loeches\"},\"author\":{\"name\":\"Ugamaweb\",\"@id\":\"https:\/\/www.ugama.es\/#\/schema\/person\/43e70196fa0288cfe7b5fb8698999dc2\"},\"headline\":\"UGAMA convoca a los agricultores y ganaderos de la Comunidad de Madrid a sumarse a la movilizaci\u00f3n contra la subida del gas\u00f3leo en Loeches\",\"datePublished\":\"2026-03-11T14:26:26+00:00\",\"dateModified\":\"2026-03-11T14:41:22+00:00\",\"mainEntityOfPage\":{\"@id\":\"https:\/\/www.ugama.es\/ugama-convoca-a-los-agricultores-y-ganaderos-de-la-comunidad-de-madrid-a-sumarse-a-la-movilizacion-contra-la-subida-del-gasoleo-en-loeches\"},\"wordCount\":405,\"commentCount\":0,\"publisher\":{\"@id\":\"https:\/\/www.ugama.es\/#organization\"},\"articleSection\":[\"Uncategorized\"],\"inLanguage\":\"en-GB\",\"potentialAction\":[{\"@type\":\"CommentAction\",\"name\":\"Comment\",\"target\":[\"https:\/\/www.ugama.es\/ugama-convoca-a-los-agricultores-y-ganaderos-de-la-comunidad-de-madrid-a-sumarse-a-la-movilizacion-contra-la-subida-del-gasoleo-en-loeches#respond\"]}]},{\"@type\":\"WebPage\",\"@id\":\"https:\/\/www.ugama.es\/ugama-convoca-a-los-agricultores-y-ganaderos-de-la-comunidad-de-madrid-a-sumarse-a-la-movilizacion-contra-la-subida-del-gasoleo-en-loeches\",\"url\":\"https:\/\/www.ugama.es\/ugama-convoca-a-los-agricultores-y-ganaderos-de-la-comunidad-de-madrid-a-sumarse-a-la-movilizacion-contra-la-subida-del-gasoleo-en-loeches\",\"name\":\"UGAMA convoca a los agricultores y ganaderos de la Comunidad de Madrid a sumarse a la movilizaci\u00f3n contra la subida del gas\u00f3leo en Loeches - Uni\u00f3n de Ganaderos, Agricultores y Silvicultores de la Comunidad de Madrid\",\"isPartOf\":{\"@id\":\"https:\/\/www.ugama.es\/#website\"},\"datePublished\":\"2026-03-11T14:26:26+00:00\",\"dateModified\":\"2026-03-11T14:41:22+00:00\",\"description\":\"La Organizaci\u00f3n agraria madrile\u00f1a se confirma como la segunda OPA m\u00e1s representativa de la regi\u00f3n alcanzando un 30% de representaci\u00f3n.\",\"breadcrumb\":{\"@id\":\"https:\/\/www.ugama.es\/ugama-convoca-a-los-agricultores-y-ganaderos-de-la-comunidad-de-madrid-a-sumarse-a-la-movilizacion-contra-la-subida-del-gasoleo-en-loeches#breadcrumb\"},\"inLanguage\":\"en-GB\",\"potentialAction\":[{\"@type\":\"ReadAction\",\"target\":[\"https:\/\/www.ugama.es\/ugama-convoca-a-los-agricultores-y-ganaderos-de-la-comunidad-de-madrid-a-sumarse-a-la-movilizacion-contra-la-subida-del-gasoleo-en-loeches\"]}]},{\"@type\":\"BreadcrumbList\",\"@id\":\"https:\/\/www.ugama.es\/ugama-convoca-a-los-agricultores-y-ganaderos-de-la-comunidad-de-madrid-a-sumarse-a-la-movilizacion-contra-la-subida-del-gasoleo-en-loeches#breadcrumb\",\"itemListElement\":[{\"@type\":\"ListItem\",\"position\":1,\"name\":\"Portada\",\"item\":\"https:\/\/www.ugama.es\/\"},{\"@type\":\"ListItem\",\"position\":2,\"name\":\"UGAMA convoca a los agricultores y ganaderos de la Comunidad de Madrid a sumarse a la movilizaci\u00f3n contra la subida del gas\u00f3leo en Loeches\"}]},{\"@type\":\"WebSite\",\"@id\":\"https:\/\/www.ugama.es\/#website\",\"url\":\"https:\/\/www.ugama.es\/\",\"name\":\"Uni\u00f3n de Ganaderos, Agricultores y Silvicultores de la Comunidad de Madrid\",\"description\":\"Uni\u00f3n de Ganaderos y Agricultores de Madrid\",\"publisher\":{\"@id\":\"https:\/\/www.ugama.es\/#organization\"},\"potentialAction\":[{\"@type\":\"SearchAction\",\"target\":{\"@type\":\"EntryPoint\",\"urlTemplate\":\"https:\/\/www.ugama.es\/?s={search_term_string}\"},\"query-input\":\"required name=search_term_string\"}],\"inLanguage\":\"en-GB\"},{\"@type\":\"Organization\",\"@id\":\"https:\/\/www.ugama.es\/#organization\",\"name\":\"Uni\u00f3n de Ganaderos, Agricultores y Silvicultores de la Comunidad de Madrid\",\"url\":\"https:\/\/www.ugama.es\/\",\"logo\":{\"@type\":\"ImageObject\",\"inLanguage\":\"en-GB\",\"@id\":\"https:\/\/www.ugama.es\/#\/schema\/logo\/image\/\",\"url\":\"https:\/\/www.ugama.es\/wp-content\/uploads\/2023\/04\/cropped-logo-ugama-1.jpeg\",\"contentUrl\":\"https:\/\/www.ugama.es\/wp-content\/uploads\/2023\/04\/cropped-logo-ugama-1.jpeg\",\"width\":215,\"height\":215,\"caption\":\"Uni\u00f3n de Ganaderos, Agricultores y Silvicultores de la Comunidad de Madrid\"},\"image\":{\"@id\":\"https:\/\/www.ugama.es\/#\/schema\/logo\/image\/\"},\"sameAs\":[\"https:\/\/www.facebook.com\/ugama\/?locale=es_ES\",\"https:\/\/twitter.com\/UGAMA\",\"https:\/\/www.youtube.com\/channel\/UCJ-79zaoyHLpEJq2qoRgrow\"]},{\"@type\":\"Person\",\"@id\":\"https:\/\/www.ugama.es\/#\/schema\/person\/43e70196fa0288cfe7b5fb8698999dc2\",\"name\":\"Ugamaweb\",\"image\":{\"@type\":\"ImageObject\",\"inLanguage\":\"en-GB\",\"@id\":\"https:\/\/www.ugama.es\/#\/schema\/person\/image\/\",\"url\":\"https:\/\/secure.gravatar.com\/avatar\/24332c2e56a738bffea60d2638b086adcd3b80122a643c70bd2096429d0b5c14?s=96&d=mm&r=g\",\"contentUrl\":\"https:\/\/secure.gravatar.com\/avatar\/24332c2e56a738bffea60d2638b086adcd3b80122a643c70bd2096429d0b5c14?s=96&d=mm&r=g\",\"caption\":\"Ugamaweb\"},\"sameAs\":[\"https:\/\/ugama.live-website.com\"],\"url\":\"https:\/\/www.ugama.es\/en\/author\/ugamaweb\"}]}<\/script>\n<!-- \/ Yoast SEO plugin. -->","yoast_head_json":{"title":"UGAMA convoca a los agricultores y ganaderos de la Comunidad de Madrid a sumarse a la movilizaci\u00f3n contra la subida del gas\u00f3leo en Loeches - Uni\u00f3n de Ganaderos, Agricultores y Silvicultores de la Comunidad de Madrid","description":"La Organizaci\u00f3n agraria madrile\u00f1a se confirma como la segunda OPA m\u00e1s representativa de la regi\u00f3n alcanzando un 30% de representaci\u00f3n.","robots":{"index":"noindex","follow":"follow","max-snippet":"max-snippet:-1","max-image-preview":"max-image-preview:large","max-video-preview":"max-video-preview:-1"},"og_locale":"en_GB","og_type":"article","og_title":"UGAMA convoca a los agricultores y ganaderos de la Comunidad de Madrid a sumarse a la movilizaci\u00f3n contra la subida del gas\u00f3leo en Loeches - Uni\u00f3n de Ganaderos, Agricultores y Silvicultores de la Comunidad de Madrid","og_description":"La Organizaci\u00f3n agraria madrile\u00f1a se confirma como la segunda OPA m\u00e1s representativa de la regi\u00f3n alcanzando un 30% de representaci\u00f3n.","og_url":"https:\/\/www.ugama.es\/en\/ugama-convoca-a-los-agricultores-y-ganaderos-de-la-comunidad-de-madrid-a-sumarse-a-la-movilizacion-contra-la-subida-del-gasoleo-en-loeches\/","og_site_name":"Uni\u00f3n de Ganaderos, Agricultores y Silvicultores de la Comunidad de Madrid","article_publisher":"https:\/\/www.facebook.com\/ugama\/?locale=es_ES","article_published_time":"2026-03-11T14:26:26+00:00","article_modified_time":"2026-03-11T14:41:22+00:00","og_image":[{"width":1536,"height":1024,"url":"https:\/\/www.ugama.es\/wp-content\/uploads\/2026\/03\/Tractorada.jpeg","type":"image\/jpeg"}],"author":"Ugamaweb","twitter_card":"summary_large_image","twitter_creator":"@UGAMA","twitter_site":"@UGAMA","twitter_misc":{"Written by":"Ugamaweb","Estimated reading time":"3 minutes"},"schema":{"@context":"https:\/\/schema.org","@graph":[{"@type":"Article","@id":"https:\/\/www.ugama.es\/ugama-convoca-a-los-agricultores-y-ganaderos-de-la-comunidad-de-madrid-a-sumarse-a-la-movilizacion-contra-la-subida-del-gasoleo-en-loeches#article","isPartOf":{"@id":"https:\/\/www.ugama.es\/ugama-convoca-a-los-agricultores-y-ganaderos-de-la-comunidad-de-madrid-a-sumarse-a-la-movilizacion-contra-la-subida-del-gasoleo-en-loeches"},"author":{"name":"Ugamaweb","@id":"https:\/\/www.ugama.es\/#\/schema\/person\/43e70196fa0288cfe7b5fb8698999dc2"},"headline":"UGAMA convoca a los agricultores y ganaderos de la Comunidad de Madrid a sumarse a la movilizaci\u00f3n contra la subida del gas\u00f3leo en Loeches","datePublished":"2026-03-11T14:26:26+00:00","dateModified":"2026-03-11T14:41:22+00:00","mainEntityOfPage":{"@id":"https:\/\/www.ugama.es\/ugama-convoca-a-los-agricultores-y-ganaderos-de-la-comunidad-de-madrid-a-sumarse-a-la-movilizacion-contra-la-subida-del-gasoleo-en-loeches"},"wordCount":405,"commentCount":0,"publisher":{"@id":"https:\/\/www.ugama.es\/#organization"},"articleSection":["Uncategorized"],"inLanguage":"en-GB","potentialAction":[{"@type":"CommentAction","name":"Comment","target":["https:\/\/www.ugama.es\/ugama-convoca-a-los-agricultores-y-ganaderos-de-la-comunidad-de-madrid-a-sumarse-a-la-movilizacion-contra-la-subida-del-gasoleo-en-loeches#respond"]}]},{"@type":"WebPage","@id":"https:\/\/www.ugama.es\/ugama-convoca-a-los-agricultores-y-ganaderos-de-la-comunidad-de-madrid-a-sumarse-a-la-movilizacion-contra-la-subida-del-gasoleo-en-loeches","url":"https:\/\/www.ugama.es\/ugama-convoca-a-los-agricultores-y-ganaderos-de-la-comunidad-de-madrid-a-sumarse-a-la-movilizacion-contra-la-subida-del-gasoleo-en-loeches","name":"UGAMA convoca a los agricultores y ganaderos de la Comunidad de Madrid a sumarse a la movilizaci\u00f3n contra la subida del gas\u00f3leo en Loeches - Uni\u00f3n de Ganaderos, Agricultores y Silvicultores de la Comunidad de Madrid","isPartOf":{"@id":"https:\/\/www.ugama.es\/#website"},"datePublished":"2026-03-11T14:26:26+00:00","dateModified":"2026-03-11T14:41:22+00:00","description":"La Organizaci\u00f3n agraria madrile\u00f1a se confirma como la segunda OPA m\u00e1s representativa de la regi\u00f3n alcanzando un 30% de representaci\u00f3n.","breadcrumb":{"@id":"https:\/\/www.ugama.es\/ugama-convoca-a-los-agricultores-y-ganaderos-de-la-comunidad-de-madrid-a-sumarse-a-la-movilizacion-contra-la-subida-del-gasoleo-en-loeches#breadcrumb"},"inLanguage":"en-GB","potentialAction":[{"@type":"ReadAction","target":["https:\/\/www.ugama.es\/ugama-convoca-a-los-agricultores-y-ganaderos-de-la-comunidad-de-madrid-a-sumarse-a-la-movilizacion-contra-la-subida-del-gasoleo-en-loeches"]}]},{"@type":"BreadcrumbList","@id":"https:\/\/www.ugama.es\/ugama-convoca-a-los-agricultores-y-ganaderos-de-la-comunidad-de-madrid-a-sumarse-a-la-movilizacion-contra-la-subida-del-gasoleo-en-loeches#breadcrumb","itemListElement":[{"@type":"ListItem","position":1,"name":"Portada","item":"https:\/\/www.ugama.es\/"},{"@type":"ListItem","position":2,"name":"UGAMA convoca a los agricultores y ganaderos de la Comunidad de Madrid a sumarse a la movilizaci\u00f3n contra la subida del gas\u00f3leo en Loeches"}]},{"@type":"WebSite","@id":"https:\/\/www.ugama.es\/#website","url":"https:\/\/www.ugama.es\/","name":"Uni\u00f3n de Ganaderos, Agricultores y Silvicultores de la Comunidad de Madrid","description":"Uni\u00f3n de Ganaderos y Agricultores de Madrid","publisher":{"@id":"https:\/\/www.ugama.es\/#organization"},"potentialAction":[{"@type":"SearchAction","target":{"@type":"EntryPoint","urlTemplate":"https:\/\/www.ugama.es\/?s={search_term_string}"},"query-input":"required name=search_term_string"}],"inLanguage":"en-GB"},{"@type":"Organization","@id":"https:\/\/www.ugama.es\/#organization","name":"Uni\u00f3n de Ganaderos, Agricultores y Silvicultores de la Comunidad de Madrid","url":"https:\/\/www.ugama.es\/","logo":{"@type":"ImageObject","inLanguage":"en-GB","@id":"https:\/\/www.ugama.es\/#\/schema\/logo\/image\/","url":"https:\/\/www.ugama.es\/wp-content\/uploads\/2023\/04\/cropped-logo-ugama-1.jpeg","contentUrl":"https:\/\/www.ugama.es\/wp-content\/uploads\/2023\/04\/cropped-logo-ugama-1.jpeg","width":215,"height":215,"caption":"Uni\u00f3n de Ganaderos, Agricultores y Silvicultores de la Comunidad de Madrid"},"image":{"@id":"https:\/\/www.ugama.es\/#\/schema\/logo\/image\/"},"sameAs":["https:\/\/www.facebook.com\/ugama\/?locale=es_ES","https:\/\/twitter.com\/UGAMA","https:\/\/www.youtube.com\/channel\/UCJ-79zaoyHLpEJq2qoRgrow"]},{"@type":"Person","@id":"https:\/\/www.ugama.es\/#\/schema\/person\/43e70196fa0288cfe7b5fb8698999dc2","name":"Ugamaweb","image":{"@type":"ImageObject","inLanguage":"en-GB","@id":"https:\/\/www.ugama.es\/#\/schema\/person\/image\/","url":"https:\/\/secure.gravatar.com\/avatar\/24332c2e56a738bffea60d2638b086adcd3b80122a643c70bd2096429d0b5c14?s=96&d=mm&r=g","contentUrl":"https:\/\/secure.gravatar.com\/avatar\/24332c2e56a738bffea60d2638b086adcd3b80122a643c70bd2096429d0b5c14?s=96&d=mm&r=g","caption":"Ugamaweb"},"sameAs":["https:\/\/ugama.live-website.com"],"url":"https:\/\/www.ugama.es\/en\/author\/ugamaweb"}]}},"_links":{"self":[{"href":"https:\/\/www.ugama.es\/en\/wp-json\/wp\/v2\/posts\/3264","targetHints":{"allow":["GET"]}}],"collection":[{"href":"https:\/\/www.ugama.es\/en\/wp-json\/wp\/v2\/posts"}],"about":[{"href":"https:\/\/www.ugama.es\/en\/wp-json\/wp\/v2\/types\/post"}],"author":[{"embeddable":true,"href":"https:\/\/www.ugama.es\/en\/wp-json\/wp\/v2\/users\/1"}],"replies":[{"embeddable":true,"href":"https:\/\/www.ugama.es\/en\/wp-json\/wp\/v2\/comments?post=3264"}],"version-history":[{"count":10,"href":"https:\/\/www.ugama.es\/en\/wp-json\/wp\/v2\/posts\/3264\/revisions"}],"predecessor-version":[{"id":3278,"href":"https:\/\/www.ugama.es\/en\/wp-json\/wp\/v2\/posts\/3264\/revisions\/3278"}],"wp:featuredmedia":[{"embeddable":true,"href":"https:\/\/www.ugama.es\/en\/wp-json\/wp\/v2\/media\/3265"}],"wp:attachment":[{"href":"https:\/\/www.ugama.es\/en\/wp-json\/wp\/v2\/media?parent=3264"}],"wp:term":[{"taxonomy":"category","embeddable":true,"href":"https:\/\/www.ugama.es\/en\/wp-json\/wp\/v2\/categories?post=3264"},{"taxonomy":"post_tag","embeddable":true,"href":"https:\/\/www.ugama.es\/en\/wp-json\/wp\/v2\/tags?post=3264"}],"curies":[{"name":"wp","href":"https:\/\/api.w.org\/{rel}","templated":true}]}}